{"id":1881,"date":"2019-03-18T18:09:10","date_gmt":"2019-03-18T18:09:10","guid":{"rendered":"https:\/\/desarrollo.vidalquadrasramon.com\/spc-manufacturing-waiver-acuerdo-inicial-entre-las-instituciones-de-la-ue-2\/"},"modified":"2019-03-18T18:09:10","modified_gmt":"2019-03-18T18:09:10","slug":"spc-manufacturing-waiver-acuerdo-inicial-entre-las-instituciones-de-la-ue-2","status":"publish","type":"post","link":"https:\/\/desarrollo.vidalquadrasramon.com\/en\/spc-manufacturing-waiver-acuerdo-inicial-entre-las-instituciones-de-la-ue-2\/","title":{"rendered":"CAMBIOS EN LA LEY DE PROPIEDAD INTELECTUAL"},"content":{"rendered":"<p>[et_pb_section bb_built=&#8221;1&#8243; _builder_version=&#8221;3.19.5&#8243;][et_pb_row][et_pb_column type=&#8221;2_5&#8243;][et_pb_image _builder_version=&#8221;3.19.5&#8243; src=&#8221;https:\/\/desarrollo.vidalquadrasramon.com\/wp-content\/uploads\/2019\/03\/VQR_LAW_NEW9.jpg&#8221; \/][\/et_pb_column][et_pb_column type=&#8221;3_5&#8243;][et_pb_post_title _builder_version=&#8221;3.19.5&#8243; comments=&#8221;off&#8221; featured_image=&#8221;off&#8221; \/][et_pb_text _builder_version=&#8221;3.19.5&#8243;]<\/p>\n<p>La <a href=\"https:\/\/www.boe.es\/diario_boe\/txt.php?id=BOE-A-2019-2974\">Ley 2\/2019, de 1 de marzo<\/a>, por la que se incorpora a nuestro ordenamiento jur\u00eddico la Directiva 2014\/26\/UE, del Parlamento Europeo y del Consejo, de 26 de febrero de 2014 y la Directiva (UE) 2017\/1564 del Parlamento Europeo y del Consejo de 3 de septiembre de 2017, ha introducido algunos cambios en el Texto refundido de la Ley de Propiedad Intelectual (LPI).<\/p>\n<p>La Directiva 2014\/26\/UE relativa a la gesti\u00f3n colectiva de los derechos de autor y derechos afines y a la concesi\u00f3n de licencias multiterritoriales de derechos sobre obras musicales para su utilizaci\u00f3n en l\u00ednea en el mercado interior, ya se hab\u00eda incorporado parcialmente a nuestro ordenamiento jur\u00eddico con la Ley 21\/2014, de 4 de noviembre, pero no contemplaba las autorizaciones multiterritoriales, ni las obligaciones relativas a la transparencia de la gesti\u00f3n que se regulan por primera vez en nuestro ordenamiento jur\u00eddico, completando as\u00ed el proceso de transposici\u00f3n.<\/p>\n<p>Las principales novedades que se incorporan se detallan en los siete cap\u00edtulos que integran al T\u00edtulo IV del Libro III de la LPI. El primero regula los requisitos exigidos para gestionar colectivamente derechos de propiedad intelectual con la inclusi\u00f3n de normas aplicables a las entidades de gesti\u00f3n de otros Estados miembros que operan en Espa\u00f1a, a las entidades dependientes de otra entidad de gesti\u00f3n y a los operadores independientes, que se distinguen de las entidades de gesti\u00f3n, porque act\u00faan con \u00e1nimo de lucro y no existe un v\u00ednculo propietario o de control por parte de los titulares de derechos.<\/p>\n<p>El cap\u00edtulo II se ocupa de regular la relaci\u00f3n jur\u00eddica del titular del derecho con la entidad de gesti\u00f3n y el contrato de gesti\u00f3n, que incorpora el derecho del titular de revocaci\u00f3n con un preaviso. La regulaci\u00f3n de los aspectos org\u00e1nicos y de funcionamiento interno de las entidades de gesti\u00f3n se encuentra en el cap\u00edtulo III, que introduce un \u00f3rgano de control interno cuya misi\u00f3n es vigilar la gesti\u00f3n que llevan a cabo los \u00f3rganos de gobierno y de representaci\u00f3n de la entidad de gesti\u00f3n, compuesto por personas de la entidad y tambi\u00e9n por otras independientes. Las funciones se centran en los repartos de los derechos recaudados, la tramitaci\u00f3n de expedientes disciplinarios, las quejas y reclamaciones y la ejecuci\u00f3n del presupuesto.<\/p>\n<p>El cap\u00edtulo IV regula las licencias para el uso del repertorio de las entidades de gesti\u00f3n y sus tarifas generales, estableciendo una subdivisi\u00f3n entre el r\u00e9gimen jur\u00eddico general y el espec\u00edfico de las licencias multiterritoriales.<\/p>\n<p>La regulaci\u00f3n de los derechos recaudados, el reparto y pago de los importes generados, se encuentra en el cap\u00edtulo V, que introduce un plazo m\u00e1ximo de nueve meses para repartir y pagar a los titulares, los derechos recaudados. El cap\u00edtulo VI, establece las obligaciones de informaci\u00f3n, transparencia y contabilidad de las entidades de gesti\u00f3n, cuya principal novedad es la introducci\u00f3n del informe anual de transparencia y, por \u00faltimo, el cap\u00edtulo VII relativo al r\u00e9gimen sancionador, introduce cambios relativos al reparto de competencias en relaci\u00f3n con la potestad sancionadora y los plazos para resolver procedimientos administrativos sancionadores.<\/p>\n<p>Por \u00faltimo, cabe destacar que la Ley 2\/2019 deroga la Ley 3\/2008, de 23 de diciembre relativa al derecho de participaci\u00f3n en beneficio de una obra de arte original, a\u00f1adiendo un nuevo art\u00edculo 24 a la LPI, que modifica el anterior r\u00e9gimen opcional que permit\u00eda al titular elegir el tipo de gesti\u00f3n, por el establecimiento de un r\u00e9gimen obligatorio de gesti\u00f3n colectiva a trav\u00e9s de las entidades de gesti\u00f3n de derechos de autor. Esta modificaci\u00f3n que no era necesaria para la trasposici\u00f3n de la Directiva, restringe claramente la libertad de los titulares del derecho y no se encuentra ninguna explicaci\u00f3n que lo justifique en el extenso pre\u00e1mbulo.<\/p>\n<p>En cuanto a la Directiva (UE) 2017\/1564, sobre ciertos usos permitidos de determinadas obras y otras prestaciones protegidas por derechos de autor y derechos afines en favor de personas ciegas, con discapacidad visual o con otras dificultades para acceder a textos impresos, destacamos que con esta modificaci\u00f3n se incorporan las obligaciones establecidas en el Tratado de Marrakech, de 27 de junio de 2013 para mejorar la disponibilidad e intercambio trasfronterizo en beneficio de las personas con discapacidad.<\/p>\n<p>[\/et_pb_text][\/et_pb_column][\/et_pb_row][\/et_pb_section]<\/p>\n","protected":false},"excerpt":{"rendered":"<p>[et_pb_section bb_built=&#8221;1&#8243; _builder_version=&#8221;3.19.5&#8243;][et_pb_row][et_pb_column type=&#8221;2_5&#8243;][et_pb_image _builder_version=&#8221;3.19.5&#8243; src=&#8221;https:\/\/desarrollo.vidalquadrasramon.com\/wp-content\/uploads\/2019\/03\/VQR_LAW_NEW9.jpg&#8221; \/][\/et_pb_column][et_pb_column type=&#8221;3_5&#8243;][et_pb_post_title _builder_version=&#8221;3.19.5&#8243; comments=&#8221;off&#8221; featured_image=&#8221;off&#8221; \/][et_pb_text _builder_version=&#8221;3.19.5&#8243;] La Ley 2\/2019, de 1 de marzo, por la que se incorpora a nuestro ordenamiento jur\u00eddico la Directiva 2014\/26\/UE, del Parlamento Europeo y del Consejo, de 26 de febrero de 2014 y la Directiva (UE) 2017\/1564 del Parlamento Europeo y del Consejo <a class=\"read-more-link\" href=\"https:\/\/desarrollo.vidalquadrasramon.com\/en\/spc-manufacturing-waiver-acuerdo-inicial-entre-las-instituciones-de-la-ue-2\/\">Leer +<\/a><\/p>\n","protected":false},"author":5,"featured_media":1865,"comment_status":"closed","ping_status":"closed","sticky":false,"template":"","format":"standard","meta":{"inline_featured_image":false,"_eb_attr":"","footnotes":""},"categories":[26],"tags":[],"class_list":["post-1881","post","type-post","status-publish","format-standard","has-post-thumbnail","hentry","category-general-en","generate-columns","tablet-grid-50","mobile-grid-100","grid-parent","grid-33"],"_links":{"self":[{"href":"https:\/\/desarrollo.vidalquadrasramon.com\/en\/wp-json\/wp\/v2\/posts\/1881","targetHints":{"allow":["GET"]}}],"collection":[{"href":"https:\/\/desarrollo.vidalquadrasramon.com\/en\/wp-json\/wp\/v2\/posts"}],"about":[{"href":"https:\/\/desarrollo.vidalquadrasramon.com\/en\/wp-json\/wp\/v2\/types\/post"}],"author":[{"embeddable":true,"href":"https:\/\/desarrollo.vidalquadrasramon.com\/en\/wp-json\/wp\/v2\/users\/5"}],"replies":[{"embeddable":true,"href":"https:\/\/desarrollo.vidalquadrasramon.com\/en\/wp-json\/wp\/v2\/comments?post=1881"}],"version-history":[{"count":0,"href":"https:\/\/desarrollo.vidalquadrasramon.com\/en\/wp-json\/wp\/v2\/posts\/1881\/revisions"}],"wp:featuredmedia":[{"embeddable":true,"href":"https:\/\/desarrollo.vidalquadrasramon.com\/en\/wp-json\/wp\/v2\/media\/1865"}],"wp:attachment":[{"href":"https:\/\/desarrollo.vidalquadrasramon.com\/en\/wp-json\/wp\/v2\/media?parent=1881"}],"wp:term":[{"taxonomy":"category","embeddable":true,"href":"https:\/\/desarrollo.vidalquadrasramon.com\/en\/wp-json\/wp\/v2\/categories?post=1881"},{"taxonomy":"post_tag","embeddable":true,"href":"https:\/\/desarrollo.vidalquadrasramon.com\/en\/wp-json\/wp\/v2\/tags?post=1881"}],"curies":[{"name":"wp","href":"https:\/\/api.w.org\/{rel}","templated":true}]}}